{"id":4602,"date":"2024-08-08T12:51:40","date_gmt":"2024-08-08T11:51:40","guid":{"rendered":"https:\/\/nexoted.com\/?p=4602"},"modified":"2024-02-20T12:53:42","modified_gmt":"2024-02-20T11:53:42","slug":"mas-alla-escaleras-historias-vida-sillas-salvaescaleras","status":"publish","type":"post","link":"https:\/\/nexoted.com\/es\/mas-alla-escaleras-historias-vida-sillas-salvaescaleras\/","title":{"rendered":"M\u00e1s all\u00e1 de las escaleras: Historias de vida y sillas salvaescaleras"},"content":{"rendered":"\n<p>Las sillas salvaescaleras no son solo dispositivos mec\u00e1nicos; son compa\u00f1eras de viaje en las historias de vida de quienes las utilizan. Este art\u00edculo destaca c\u00f3mo estas herramientas trascienden su funci\u00f3n pr\u00e1ctica para convertirse en elementos transformadores en la vida de las personas, permiti\u00e9ndoles superar no solo las escaleras f\u00edsicas sino tambi\u00e9n obst\u00e1culos emocionales y sociales.<\/p>\n\n<h2>Historias de superaci\u00f3n y autonom\u00eda<\/h2>\n<p>Cada silla salvaescaleras instalada en un hogar es testigo de historias \u00fanicas de superaci\u00f3n y autonom\u00eda. Personas de todas las edades y condiciones han encontrado en estas herramientas un medio para reclamar su independencia y fortalecer su autoestima. A continuaci\u00f3n, se presentan algunas de estas historias:<\/p>\n\n<ul>\n  <li><strong>La vuelta a la vida activa:<\/strong> Juan, un veterano de guerra, pens\u00f3 que nunca volver\u00eda a disfrutar de su jard\u00edn despu\u00e9s de un accidente. La instalaci\u00f3n de una silla salvaescaleras le devolvi\u00f3 el acceso a su espacio favorito, reavivando su pasi\u00f3n por la jardiner\u00eda.<\/li>\n  <li><strong>Reconexi\u00f3n familiar:<\/strong> Mar\u00eda, una abuela de 78 a\u00f1os, se sent\u00eda aislada en el piso inferior de su casa durante las reuniones familiares. Su nueva silla salvaescaleras le permiti\u00f3 reunirse con sus nietos en su habitaci\u00f3n, creando momentos inolvidables.<\/li>\n  <li><strong>Independencia recuperada:<\/strong> Despu\u00e9s de un diagn\u00f3stico de esclerosis m\u00faltiple, Ana tem\u00eda perder su autonom\u00eda. La silla salvaescaleras instalada en su hogar le ha permitido mantener su rutina diaria sin depender constantemente de la ayuda de otros.<\/li>\n<\/ul>\n\n<h2>Un puente hacia la inclusi\u00f3n social<\/h2>\n<p>M\u00e1s all\u00e1 de facilitar el movimiento dentro del hogar, las sillas salvaescaleras han servido como un puente hacia la inclusi\u00f3n social. Al eliminar las barreras f\u00edsicas, estos dispositivos permiten a los usuarios participar activamente en la vida social y comunitaria, reduciendo el riesgo de aislamiento y depresi\u00f3n. La capacidad de salir de casa con facilidad brinda a las personas la oportunidad de asistir a eventos, visitar amigos y continuar siendo miembros activos de la sociedad.<\/p>\n\n<h2>El impacto en la salud emocional<\/h2>\n<p>El beneficio de las sillas salvaescaleras va m\u00e1s all\u00e1 de lo f\u00edsico, incidiendo positivamente en la salud emocional de quienes las utilizan. Algunos de los impactos m\u00e1s significativos incluyen:<\/p>\n<ul>\n  <li>Mejora de la autoestima al recuperar la independencia.<\/li>\n  <li>Reducci\u00f3n de la ansiedad asociada al miedo a caer.<\/li>\n  <li>Aumento del bienestar al poder participar en actividades familiares y sociales.<\/li>\n<\/ul>\n\n<h2>Transformando hogares y vidas<\/h2>\n<p>Las sillas salvaescaleras transforman hogares, convirti\u00e9ndolos en espacios m\u00e1s accesibles, seguros y acogedores para todos sus habitantes. Pero m\u00e1s importante a\u00fan, transforman vidas, ofreciendo a las personas la libertad de moverse sin restricciones, la dignidad de vivir de manera independiente y la alegr\u00eda de participar plenamente en su mundo.<\/p>\n\n<h2>Conclusi\u00f3n<\/h2>\n<p>Las sillas salvaescaleras representan mucho m\u00e1s que una soluci\u00f3n a una barrera f\u00edsica; son veh\u00edculos de esperanza, dignidad y renovaci\u00f3n. A trav\u00e9s de las historias de quienes las han incorporado en sus vidas, queda claro que el verdadero valor de estas herramientas radica en su capacidad para abrir nuevas puertas, conectar corazones y enriquecer cada d\u00eda la vida de las personas.<\/p>\n\n","protected":false},"excerpt":{"rendered":"<p>Las sillas salvaescaleras no son solo dispositivos mec\u00e1nicos; son compa\u00f1eras de viaje en las historias de vida de quienes las utilizan. Este art\u00edculo destaca c\u00f3mo estas herramientas trascienden su funci\u00f3n pr\u00e1ctica para convertirse en elementos transformadores en la vida de las personas, permiti\u00e9ndoles superar no solo las escaleras f\u00edsicas sino tambi\u00e9n obst\u00e1culos emocionales y sociales. [&hellip;]<\/p>\n","protected":false},"author":3,"featured_media":4049,"comment_status":"open","ping_status":"closed","sticky":false,"template":"","format":"standard","meta":{"_acf_changed":false,"footnotes":""},"categories":[1],"tags":[],"class_list":["post-4602","post","type-post","status-publish","format-standard","has-post-thumbnail","hentry","category-sin-categorizar"],"acf":[],"yoast_head":"<!-- This site is optimized with the Yoast SEO plugin v27.5 - https:\/\/yoast.com\/product\/yoast-seo-wordpress\/ -->\n<title>Impacto de las Sillas Salvaescaleras en las Vidas de las Personas<\/title>\n<meta name=\"description\" content=\"Descubre las transformadoras historias de vida detr\u00e1s del uso de sillas salvaescaleras, y c\u00f3mo estas herramientas ofrecen mucho m\u00e1s que movilidad.\" \/>\n<meta name=\"robots\" content=\"noindex, follow\" \/>\n<meta property=\"og:locale\" content=\"es_ES\" \/>\n<meta property=\"og:type\" content=\"article\" \/>\n<meta property=\"og:title\" content=\"Impacto de las Sillas Salvaescaleras en las Vidas de las Personas\" \/>\n<meta property=\"og:description\" content=\"Descubre las transformadoras historias de vida detr\u00e1s del uso de sillas salvaescaleras, y c\u00f3mo estas herramientas ofrecen mucho m\u00e1s que movilidad.\" \/>\n<meta property=\"og:url\" content=\"https:\/\/nexoted.com\/es\/mas-alla-escaleras-historias-vida-sillas-salvaescaleras\/\" \/>\n<meta property=\"og:site_name\" content=\"Salvaescaleras Nexoted\" \/>\n<meta property=\"article:published_time\" content=\"2024-08-08T11:51:40+00:00\" \/>\n<meta property=\"og:image\" content=\"https:\/\/nexoted.com\/wp-content\/uploads\/2023\/07\/Portada_CaraunAluguerRuralAccesible-AImportanciadasCadeirasSalvaescaleras.jpeg\" \/>\n\t<meta property=\"og:image:width\" content=\"1800\" \/>\n\t<meta property=\"og:image:height\" content=\"1200\" \/>\n\t<meta property=\"og:image:type\" content=\"image\/jpeg\" \/>\n<meta name=\"author\" content=\"Ana\" \/>\n<meta name=\"twitter:card\" content=\"summary_large_image\" \/>\n<meta name=\"twitter:label1\" content=\"Escrito por\" \/>\n\t<meta name=\"twitter:data1\" content=\"Ana\" \/>\n\t<meta name=\"twitter:label2\" content=\"Tiempo de lectura\" \/>\n\t<meta name=\"twitter:data2\" content=\"3 minutos\" \/>\n<script type=\"application\/ld+json\" class=\"yoast-schema-graph\">{\"@context\":\"https:\\\/\\\/schema.org\",\"@graph\":[{\"@type\":\"Article\",\"@id\":\"https:\\\/\\\/nexoted.com\\\/es\\\/mas-alla-escaleras-historias-vida-sillas-salvaescaleras\\\/#article\",\"isPartOf\":{\"@id\":\"https:\\\/\\\/nexoted.com\\\/es\\\/mas-alla-escaleras-historias-vida-sillas-salvaescaleras\\\/\"},\"author\":{\"name\":\"Ana\",\"@id\":\"https:\\\/\\\/nexoted.com\\\/es\\\/#\\\/schema\\\/person\\\/825db9499322c601b66292edda129762\"},\"headline\":\"M\u00e1s all\u00e1 de las escaleras: Historias de vida y sillas salvaescaleras\",\"datePublished\":\"2024-08-08T11:51:40+00:00\",\"mainEntityOfPage\":{\"@id\":\"https:\\\/\\\/nexoted.com\\\/es\\\/mas-alla-escaleras-historias-vida-sillas-salvaescaleras\\\/\"},\"wordCount\":547,\"commentCount\":0,\"image\":{\"@id\":\"https:\\\/\\\/nexoted.com\\\/es\\\/mas-alla-escaleras-historias-vida-sillas-salvaescaleras\\\/#primaryimage\"},\"thumbnailUrl\":\"https:\\\/\\\/nexoted.com\\\/wp-content\\\/uploads\\\/2023\\\/07\\\/Portada_CaraunAluguerRuralAccesible-AImportanciadasCadeirasSalvaescaleras.jpeg\",\"articleSection\":[\"Sin categorizar\"],\"inLanguage\":\"es\",\"potentialAction\":[{\"@type\":\"CommentAction\",\"name\":\"Comment\",\"target\":[\"https:\\\/\\\/nexoted.com\\\/es\\\/mas-alla-escaleras-historias-vida-sillas-salvaescaleras\\\/#respond\"]}]},{\"@type\":\"WebPage\",\"@id\":\"https:\\\/\\\/nexoted.com\\\/es\\\/mas-alla-escaleras-historias-vida-sillas-salvaescaleras\\\/\",\"url\":\"https:\\\/\\\/nexoted.com\\\/es\\\/mas-alla-escaleras-historias-vida-sillas-salvaescaleras\\\/\",\"name\":\"Impacto de las Sillas Salvaescaleras en las Vidas de las Personas\",\"isPartOf\":{\"@id\":\"https:\\\/\\\/nexoted.com\\\/es\\\/#website\"},\"primaryImageOfPage\":{\"@id\":\"https:\\\/\\\/nexoted.com\\\/es\\\/mas-alla-escaleras-historias-vida-sillas-salvaescaleras\\\/#primaryimage\"},\"image\":{\"@id\":\"https:\\\/\\\/nexoted.com\\\/es\\\/mas-alla-escaleras-historias-vida-sillas-salvaescaleras\\\/#primaryimage\"},\"thumbnailUrl\":\"https:\\\/\\\/nexoted.com\\\/wp-content\\\/uploads\\\/2023\\\/07\\\/Portada_CaraunAluguerRuralAccesible-AImportanciadasCadeirasSalvaescaleras.jpeg\",\"datePublished\":\"2024-08-08T11:51:40+00:00\",\"author\":{\"@id\":\"https:\\\/\\\/nexoted.com\\\/es\\\/#\\\/schema\\\/person\\\/825db9499322c601b66292edda129762\"},\"description\":\"Descubre las transformadoras historias de vida detr\u00e1s del uso de sillas salvaescaleras, y c\u00f3mo estas herramientas ofrecen mucho m\u00e1s que movilidad.\",\"breadcrumb\":{\"@id\":\"https:\\\/\\\/nexoted.com\\\/es\\\/mas-alla-escaleras-historias-vida-sillas-salvaescaleras\\\/#breadcrumb\"},\"inLanguage\":\"es\",\"potentialAction\":[{\"@type\":\"ReadAction\",\"target\":[\"https:\\\/\\\/nexoted.com\\\/es\\\/mas-alla-escaleras-historias-vida-sillas-salvaescaleras\\\/\"]}]},{\"@type\":\"ImageObject\",\"inLanguage\":\"es\",\"@id\":\"https:\\\/\\\/nexoted.com\\\/es\\\/mas-alla-escaleras-historias-vida-sillas-salvaescaleras\\\/#primaryimage\",\"url\":\"https:\\\/\\\/nexoted.com\\\/wp-content\\\/uploads\\\/2023\\\/07\\\/Portada_CaraunAluguerRuralAccesible-AImportanciadasCadeirasSalvaescaleras.jpeg\",\"contentUrl\":\"https:\\\/\\\/nexoted.com\\\/wp-content\\\/uploads\\\/2023\\\/07\\\/Portada_CaraunAluguerRuralAccesible-AImportanciadasCadeirasSalvaescaleras.jpeg\",\"width\":1800,\"height\":1200,\"caption\":\"Silla salvaescaleras\"},{\"@type\":\"BreadcrumbList\",\"@id\":\"https:\\\/\\\/nexoted.com\\\/es\\\/mas-alla-escaleras-historias-vida-sillas-salvaescaleras\\\/#breadcrumb\",\"itemListElement\":[{\"@type\":\"ListItem\",\"position\":1,\"name\":\"Portada\",\"item\":\"https:\\\/\\\/nexoted.com\\\/\"},{\"@type\":\"ListItem\",\"position\":2,\"name\":\"M\u00e1s all\u00e1 de las escaleras: Historias de vida y sillas salvaescaleras\"}]},{\"@type\":\"WebSite\",\"@id\":\"https:\\\/\\\/nexoted.com\\\/es\\\/#website\",\"url\":\"https:\\\/\\\/nexoted.com\\\/es\\\/\",\"name\":\"Salvaescaleras Nexoted\",\"description\":\"Accesibilidad\",\"potentialAction\":[{\"@type\":\"SearchAction\",\"target\":{\"@type\":\"EntryPoint\",\"urlTemplate\":\"https:\\\/\\\/nexoted.com\\\/es\\\/?s={search_term_string}\"},\"query-input\":{\"@type\":\"PropertyValueSpecification\",\"valueRequired\":true,\"valueName\":\"search_term_string\"}}],\"inLanguage\":\"es\"},{\"@type\":\"Person\",\"@id\":\"https:\\\/\\\/nexoted.com\\\/es\\\/#\\\/schema\\\/person\\\/825db9499322c601b66292edda129762\",\"name\":\"Ana\",\"image\":{\"@type\":\"ImageObject\",\"inLanguage\":\"es\",\"@id\":\"https:\\\/\\\/secure.gravatar.com\\\/avatar\\\/4fa95536b05667ba2481e19c032101560b77f3cbe6f405e0c788d0fcb4731143?s=96&d=mm&r=g\",\"url\":\"https:\\\/\\\/secure.gravatar.com\\\/avatar\\\/4fa95536b05667ba2481e19c032101560b77f3cbe6f405e0c788d0fcb4731143?s=96&d=mm&r=g\",\"contentUrl\":\"https:\\\/\\\/secure.gravatar.com\\\/avatar\\\/4fa95536b05667ba2481e19c032101560b77f3cbe6f405e0c788d0fcb4731143?s=96&d=mm&r=g\",\"caption\":\"Ana\"},\"url\":\"https:\\\/\\\/nexoted.com\\\/es\\\/author\\\/ana\\\/\"}]}<\/script>\n<!-- \/ Yoast SEO plugin. -->","yoast_head_json":{"title":"Impacto de las Sillas Salvaescaleras en las Vidas de las Personas","description":"Descubre las transformadoras historias de vida detr\u00e1s del uso de sillas salvaescaleras, y c\u00f3mo estas herramientas ofrecen mucho m\u00e1s que movilidad.","robots":{"index":"noindex","follow":"follow"},"og_locale":"es_ES","og_type":"article","og_title":"Impacto de las Sillas Salvaescaleras en las Vidas de las Personas","og_description":"Descubre las transformadoras historias de vida detr\u00e1s del uso de sillas salvaescaleras, y c\u00f3mo estas herramientas ofrecen mucho m\u00e1s que movilidad.","og_url":"https:\/\/nexoted.com\/es\/mas-alla-escaleras-historias-vida-sillas-salvaescaleras\/","og_site_name":"Salvaescaleras Nexoted","article_published_time":"2024-08-08T11:51:40+00:00","og_image":[{"width":1800,"height":1200,"url":"https:\/\/nexoted.com\/wp-content\/uploads\/2023\/07\/Portada_CaraunAluguerRuralAccesible-AImportanciadasCadeirasSalvaescaleras.jpeg","type":"image\/jpeg"}],"author":"Ana","twitter_card":"summary_large_image","twitter_misc":{"Escrito por":"Ana","Tiempo de lectura":"3 minutos"},"schema":{"@context":"https:\/\/schema.org","@graph":[{"@type":"Article","@id":"https:\/\/nexoted.com\/es\/mas-alla-escaleras-historias-vida-sillas-salvaescaleras\/#article","isPartOf":{"@id":"https:\/\/nexoted.com\/es\/mas-alla-escaleras-historias-vida-sillas-salvaescaleras\/"},"author":{"name":"Ana","@id":"https:\/\/nexoted.com\/es\/#\/schema\/person\/825db9499322c601b66292edda129762"},"headline":"M\u00e1s all\u00e1 de las escaleras: Historias de vida y sillas salvaescaleras","datePublished":"2024-08-08T11:51:40+00:00","mainEntityOfPage":{"@id":"https:\/\/nexoted.com\/es\/mas-alla-escaleras-historias-vida-sillas-salvaescaleras\/"},"wordCount":547,"commentCount":0,"image":{"@id":"https:\/\/nexoted.com\/es\/mas-alla-escaleras-historias-vida-sillas-salvaescaleras\/#primaryimage"},"thumbnailUrl":"https:\/\/nexoted.com\/wp-content\/uploads\/2023\/07\/Portada_CaraunAluguerRuralAccesible-AImportanciadasCadeirasSalvaescaleras.jpeg","articleSection":["Sin categorizar"],"inLanguage":"es","potentialAction":[{"@type":"CommentAction","name":"Comment","target":["https:\/\/nexoted.com\/es\/mas-alla-escaleras-historias-vida-sillas-salvaescaleras\/#respond"]}]},{"@type":"WebPage","@id":"https:\/\/nexoted.com\/es\/mas-alla-escaleras-historias-vida-sillas-salvaescaleras\/","url":"https:\/\/nexoted.com\/es\/mas-alla-escaleras-historias-vida-sillas-salvaescaleras\/","name":"Impacto de las Sillas Salvaescaleras en las Vidas de las Personas","isPartOf":{"@id":"https:\/\/nexoted.com\/es\/#website"},"primaryImageOfPage":{"@id":"https:\/\/nexoted.com\/es\/mas-alla-escaleras-historias-vida-sillas-salvaescaleras\/#primaryimage"},"image":{"@id":"https:\/\/nexoted.com\/es\/mas-alla-escaleras-historias-vida-sillas-salvaescaleras\/#primaryimage"},"thumbnailUrl":"https:\/\/nexoted.com\/wp-content\/uploads\/2023\/07\/Portada_CaraunAluguerRuralAccesible-AImportanciadasCadeirasSalvaescaleras.jpeg","datePublished":"2024-08-08T11:51:40+00:00","author":{"@id":"https:\/\/nexoted.com\/es\/#\/schema\/person\/825db9499322c601b66292edda129762"},"description":"Descubre las transformadoras historias de vida detr\u00e1s del uso de sillas salvaescaleras, y c\u00f3mo estas herramientas ofrecen mucho m\u00e1s que movilidad.","breadcrumb":{"@id":"https:\/\/nexoted.com\/es\/mas-alla-escaleras-historias-vida-sillas-salvaescaleras\/#breadcrumb"},"inLanguage":"es","potentialAction":[{"@type":"ReadAction","target":["https:\/\/nexoted.com\/es\/mas-alla-escaleras-historias-vida-sillas-salvaescaleras\/"]}]},{"@type":"ImageObject","inLanguage":"es","@id":"https:\/\/nexoted.com\/es\/mas-alla-escaleras-historias-vida-sillas-salvaescaleras\/#primaryimage","url":"https:\/\/nexoted.com\/wp-content\/uploads\/2023\/07\/Portada_CaraunAluguerRuralAccesible-AImportanciadasCadeirasSalvaescaleras.jpeg","contentUrl":"https:\/\/nexoted.com\/wp-content\/uploads\/2023\/07\/Portada_CaraunAluguerRuralAccesible-AImportanciadasCadeirasSalvaescaleras.jpeg","width":1800,"height":1200,"caption":"Silla salvaescaleras"},{"@type":"BreadcrumbList","@id":"https:\/\/nexoted.com\/es\/mas-alla-escaleras-historias-vida-sillas-salvaescaleras\/#breadcrumb","itemListElement":[{"@type":"ListItem","position":1,"name":"Portada","item":"https:\/\/nexoted.com\/"},{"@type":"ListItem","position":2,"name":"M\u00e1s all\u00e1 de las escaleras: Historias de vida y sillas salvaescaleras"}]},{"@type":"WebSite","@id":"https:\/\/nexoted.com\/es\/#website","url":"https:\/\/nexoted.com\/es\/","name":"Salvaescaleras Nexoted","description":"Accesibilidad","potentialAction":[{"@type":"SearchAction","target":{"@type":"EntryPoint","urlTemplate":"https:\/\/nexoted.com\/es\/?s={search_term_string}"},"query-input":{"@type":"PropertyValueSpecification","valueRequired":true,"valueName":"search_term_string"}}],"inLanguage":"es"},{"@type":"Person","@id":"https:\/\/nexoted.com\/es\/#\/schema\/person\/825db9499322c601b66292edda129762","name":"Ana","image":{"@type":"ImageObject","inLanguage":"es","@id":"https:\/\/secure.gravatar.com\/avatar\/4fa95536b05667ba2481e19c032101560b77f3cbe6f405e0c788d0fcb4731143?s=96&d=mm&r=g","url":"https:\/\/secure.gravatar.com\/avatar\/4fa95536b05667ba2481e19c032101560b77f3cbe6f405e0c788d0fcb4731143?s=96&d=mm&r=g","contentUrl":"https:\/\/secure.gravatar.com\/avatar\/4fa95536b05667ba2481e19c032101560b77f3cbe6f405e0c788d0fcb4731143?s=96&d=mm&r=g","caption":"Ana"},"url":"https:\/\/nexoted.com\/es\/author\/ana\/"}]}},"_links":{"self":[{"href":"https:\/\/nexoted.com\/es\/wp-json\/wp\/v2\/posts\/4602","targetHints":{"allow":["GET"]}}],"collection":[{"href":"https:\/\/nexoted.com\/es\/wp-json\/wp\/v2\/posts"}],"about":[{"href":"https:\/\/nexoted.com\/es\/wp-json\/wp\/v2\/types\/post"}],"author":[{"embeddable":true,"href":"https:\/\/nexoted.com\/es\/wp-json\/wp\/v2\/users\/3"}],"replies":[{"embeddable":true,"href":"https:\/\/nexoted.com\/es\/wp-json\/wp\/v2\/comments?post=4602"}],"version-history":[{"count":1,"href":"https:\/\/nexoted.com\/es\/wp-json\/wp\/v2\/posts\/4602\/revisions"}],"predecessor-version":[{"id":4603,"href":"https:\/\/nexoted.com\/es\/wp-json\/wp\/v2\/posts\/4602\/revisions\/4603"}],"wp:featuredmedia":[{"embeddable":true,"href":"https:\/\/nexoted.com\/es\/wp-json\/wp\/v2\/media\/4049"}],"wp:attachment":[{"href":"https:\/\/nexoted.com\/es\/wp-json\/wp\/v2\/media?parent=4602"}],"wp:term":[{"taxonomy":"category","embeddable":true,"href":"https:\/\/nexoted.com\/es\/wp-json\/wp\/v2\/categories?post=4602"},{"taxonomy":"post_tag","embeddable":true,"href":"https:\/\/nexoted.com\/es\/wp-json\/wp\/v2\/tags?post=4602"}],"curies":[{"name":"wp","href":"https:\/\/api.w.org\/{rel}","templated":true}]}}