{"id":4592,"date":"2024-07-17T12:12:31","date_gmt":"2024-07-17T11:12:31","guid":{"rendered":"https:\/\/nexoted.com\/?p=4592"},"modified":"2024-02-20T12:17:04","modified_gmt":"2024-02-20T11:17:04","slug":"viaje-hacia-autonomia-impacto-emocional-silla-salvaescaleras","status":"publish","type":"post","link":"https:\/\/nexoted.com\/es\/viaje-hacia-autonomia-impacto-emocional-silla-salvaescaleras\/","title":{"rendered":"El viaje hacia la autonom\u00eda: El impacto emocional de las sillas salvaescaleras"},"content":{"rendered":"\n<p>La autonom\u00eda personal es un pilar fundamental de la dignidad y el bienestar emocional de cualquier individuo. Para muchas personas con movilidad reducida, las sillas salvaescaleras representan m\u00e1s que un simple aparato de asistencia; simbolizan un viaje hacia la recuperaci\u00f3n de la independencia y el control sobre sus vidas. Este art\u00edculo explora el profundo impacto emocional que estas herramientas pueden tener, facilitando no solo la movilidad sino tambi\u00e9n fortaleciendo la autoestima y la sensaci\u00f3n de libertad.<\/p>\n\n<h2>Recuperando espacios y momentos perdidos<\/h2>\n<p>Las limitaciones f\u00edsicas pueden convertir las escaleras de un hogar en barreras infranqueables, aislando a las personas de sus propios espacios y momentos compartidos. La integraci\u00f3n de una silla salvaescaleras devuelve el acceso a todos los rincones del hogar, permitiendo disfrutar nuevamente de la intimidad de cada ambiente y la participaci\u00f3n en actividades familiares, restaurando as\u00ed momentos preciosos que se cre\u00edan perdidos.<\/p>\n\n<h2>El renacer de la independencia<\/h2>\n<p>Depender de otros para tareas simples puede afectar negativamente la autoestima y la percepci\u00f3n de autonom\u00eda de una persona. La silla salvaescaleras se convierte en un veh\u00edculo de empoderamiento, ofreciendo a los usuarios la capacidad de moverse libremente por su hogar sin necesidad de asistencia. Este cambio fomenta un renovado sentido de independencia, crucial para el bienestar emocional y la confianza en uno mismo.<\/p>\n\n<h2>Impacto en la autoestima y la identidad personal<\/h2>\n<p>La p\u00e9rdida de movilidad puede llevar a cuestionamientos sobre la propia identidad y el valor personal. Al recuperar la autonom\u00eda gracias a las sillas salvaescaleras, muchos usuarios experimentan un significativo aumento en su autoestima. Volver a realizar actividades cotidianas por s\u00ed mismos refuerza su sentido de identidad y contribuye a una imagen positiva de s\u00ed mismos.<\/p>\n\n<h2>Una ventana a la vida social activa<\/h2>\n<p>El aislamiento no solo se produce dentro del hogar; tambi\u00e9n puede limitar la participaci\u00f3n en actividades sociales externas. Al facilitar el acceso a la entrada y salida del hogar, las sillas salvaescaleras animan a los usuarios a reenganchare en la vida social, asistir a eventos, visitar amigos y familiares, mejorando as\u00ed su salud emocional y reduciendo sentimientos de soledad o depresi\u00f3n.<\/p>\n\n<h2>Testimonios de transformaci\u00f3n<\/h2>\n<p>Las historias de quienes han reintegrado las sillas salvaescaleras en sus vidas son testimonio de su transformador impacto emocional. Usuarios expresan c\u00f3mo, m\u00e1s all\u00e1 de la movilidad f\u00edsica, estas herramientas les han devuelto la alegr\u00eda, el optimismo y una perspectiva positiva hacia la vida, marcando el inicio de un verdadero viaje hacia la autonom\u00eda.<\/p>\n\n<h2>Conclusi\u00f3n<\/h2>\n<p>La silla salvaescaleras es mucho m\u00e1s que una ayuda t\u00e9cnica; es un catalizador para la recuperaci\u00f3n de la autonom\u00eda, la autoestima y la participaci\u00f3n social. Al eliminar las barreras f\u00edsicas, no solo se mejora la movilidad sino que tambi\u00e9n se fortalece el bienestar emocional, permitiendo a las personas embarcarse en un viaje hacia una vida m\u00e1s independiente y plena.<\/p>\n\n","protected":false},"excerpt":{"rendered":"<p>La autonom\u00eda personal es un pilar fundamental de la dignidad y el bienestar emocional de cualquier individuo. Para muchas personas con movilidad reducida, las sillas salvaescaleras representan m\u00e1s que un simple aparato de asistencia; simbolizan un viaje hacia la recuperaci\u00f3n de la independencia y el control sobre sus vidas. Este art\u00edculo explora el profundo impacto [&hellip;]<\/p>\n","protected":false},"author":3,"featured_media":4265,"comment_status":"open","ping_status":"closed","sticky":false,"template":"","format":"standard","meta":{"_acf_changed":false,"footnotes":""},"categories":[1],"tags":[],"class_list":["post-4592","post","type-post","status-publish","format-standard","has-post-thumbnail","hentry","category-sin-categorizar"],"acf":[],"yoast_head":"<!-- This site is optimized with the Yoast SEO plugin v27.5 - https:\/\/yoast.com\/product\/yoast-seo-wordpress\/ -->\n<title>El Viaje hacia la Autonom\u00eda con una Silla Salvaescaleras<\/title>\n<meta name=\"description\" content=\"Explora el impacto emocional y la transformaci\u00f3n que una silla salvaescaleras puede aportar a la vida de las personas con movilidad reducida.\" \/>\n<meta name=\"robots\" content=\"noindex, follow\" \/>\n<meta property=\"og:locale\" content=\"es_ES\" \/>\n<meta property=\"og:type\" content=\"article\" \/>\n<meta property=\"og:title\" content=\"El Viaje hacia la Autonom\u00eda con una Silla Salvaescaleras\" \/>\n<meta property=\"og:description\" content=\"Explora el impacto emocional y la transformaci\u00f3n que una silla salvaescaleras puede aportar a la vida de las personas con movilidad reducida.\" \/>\n<meta property=\"og:url\" content=\"https:\/\/nexoted.com\/es\/viaje-hacia-autonomia-impacto-emocional-silla-salvaescaleras\/\" \/>\n<meta property=\"og:site_name\" content=\"Salvaescaleras Nexoted\" \/>\n<meta property=\"article:published_time\" content=\"2024-07-17T11:12:31+00:00\" \/>\n<meta property=\"og:image\" content=\"https:\/\/nexoted.com\/wp-content\/uploads\/2023\/12\/Producto_SillaTramoCurvo_Imagen1.jpg\" \/>\n\t<meta property=\"og:image:width\" content=\"1000\" \/>\n\t<meta property=\"og:image:height\" content=\"1158\" \/>\n\t<meta property=\"og:image:type\" content=\"image\/jpeg\" \/>\n<meta name=\"author\" content=\"Ana\" \/>\n<meta name=\"twitter:card\" content=\"summary_large_image\" \/>\n<meta name=\"twitter:label1\" content=\"Escrito por\" \/>\n\t<meta name=\"twitter:data1\" content=\"Ana\" \/>\n\t<meta name=\"twitter:label2\" content=\"Tiempo de lectura\" \/>\n\t<meta name=\"twitter:data2\" content=\"3 minutos\" \/>\n<script type=\"application\/ld+json\" class=\"yoast-schema-graph\">{\"@context\":\"https:\\\/\\\/schema.org\",\"@graph\":[{\"@type\":\"Article\",\"@id\":\"https:\\\/\\\/nexoted.com\\\/es\\\/viaje-hacia-autonomia-impacto-emocional-silla-salvaescaleras\\\/#article\",\"isPartOf\":{\"@id\":\"https:\\\/\\\/nexoted.com\\\/es\\\/viaje-hacia-autonomia-impacto-emocional-silla-salvaescaleras\\\/\"},\"author\":{\"name\":\"Ana\",\"@id\":\"https:\\\/\\\/nexoted.com\\\/es\\\/#\\\/schema\\\/person\\\/825db9499322c601b66292edda129762\"},\"headline\":\"El viaje hacia la autonom\u00eda: El impacto emocional de las sillas salvaescaleras\",\"datePublished\":\"2024-07-17T11:12:31+00:00\",\"mainEntityOfPage\":{\"@id\":\"https:\\\/\\\/nexoted.com\\\/es\\\/viaje-hacia-autonomia-impacto-emocional-silla-salvaescaleras\\\/\"},\"wordCount\":507,\"commentCount\":0,\"image\":{\"@id\":\"https:\\\/\\\/nexoted.com\\\/es\\\/viaje-hacia-autonomia-impacto-emocional-silla-salvaescaleras\\\/#primaryimage\"},\"thumbnailUrl\":\"https:\\\/\\\/nexoted.com\\\/wp-content\\\/uploads\\\/2023\\\/12\\\/Producto_SillaTramoCurvo_Imagen1.jpg\",\"articleSection\":[\"Sin categorizar\"],\"inLanguage\":\"es\",\"potentialAction\":[{\"@type\":\"CommentAction\",\"name\":\"Comment\",\"target\":[\"https:\\\/\\\/nexoted.com\\\/es\\\/viaje-hacia-autonomia-impacto-emocional-silla-salvaescaleras\\\/#respond\"]}]},{\"@type\":\"WebPage\",\"@id\":\"https:\\\/\\\/nexoted.com\\\/es\\\/viaje-hacia-autonomia-impacto-emocional-silla-salvaescaleras\\\/\",\"url\":\"https:\\\/\\\/nexoted.com\\\/es\\\/viaje-hacia-autonomia-impacto-emocional-silla-salvaescaleras\\\/\",\"name\":\"El Viaje hacia la Autonom\u00eda con una Silla Salvaescaleras\",\"isPartOf\":{\"@id\":\"https:\\\/\\\/nexoted.com\\\/es\\\/#website\"},\"primaryImageOfPage\":{\"@id\":\"https:\\\/\\\/nexoted.com\\\/es\\\/viaje-hacia-autonomia-impacto-emocional-silla-salvaescaleras\\\/#primaryimage\"},\"image\":{\"@id\":\"https:\\\/\\\/nexoted.com\\\/es\\\/viaje-hacia-autonomia-impacto-emocional-silla-salvaescaleras\\\/#primaryimage\"},\"thumbnailUrl\":\"https:\\\/\\\/nexoted.com\\\/wp-content\\\/uploads\\\/2023\\\/12\\\/Producto_SillaTramoCurvo_Imagen1.jpg\",\"datePublished\":\"2024-07-17T11:12:31+00:00\",\"author\":{\"@id\":\"https:\\\/\\\/nexoted.com\\\/es\\\/#\\\/schema\\\/person\\\/825db9499322c601b66292edda129762\"},\"description\":\"Explora el impacto emocional y la transformaci\u00f3n que una silla salvaescaleras puede aportar a la vida de las personas con movilidad reducida.\",\"breadcrumb\":{\"@id\":\"https:\\\/\\\/nexoted.com\\\/es\\\/viaje-hacia-autonomia-impacto-emocional-silla-salvaescaleras\\\/#breadcrumb\"},\"inLanguage\":\"es\",\"potentialAction\":[{\"@type\":\"ReadAction\",\"target\":[\"https:\\\/\\\/nexoted.com\\\/es\\\/viaje-hacia-autonomia-impacto-emocional-silla-salvaescaleras\\\/\"]}]},{\"@type\":\"ImageObject\",\"inLanguage\":\"es\",\"@id\":\"https:\\\/\\\/nexoted.com\\\/es\\\/viaje-hacia-autonomia-impacto-emocional-silla-salvaescaleras\\\/#primaryimage\",\"url\":\"https:\\\/\\\/nexoted.com\\\/wp-content\\\/uploads\\\/2023\\\/12\\\/Producto_SillaTramoCurvo_Imagen1.jpg\",\"contentUrl\":\"https:\\\/\\\/nexoted.com\\\/wp-content\\\/uploads\\\/2023\\\/12\\\/Producto_SillaTramoCurvo_Imagen1.jpg\",\"width\":1000,\"height\":1158,\"caption\":\"Silla Salvaescaleras\"},{\"@type\":\"BreadcrumbList\",\"@id\":\"https:\\\/\\\/nexoted.com\\\/es\\\/viaje-hacia-autonomia-impacto-emocional-silla-salvaescaleras\\\/#breadcrumb\",\"itemListElement\":[{\"@type\":\"ListItem\",\"position\":1,\"name\":\"Portada\",\"item\":\"https:\\\/\\\/nexoted.com\\\/\"},{\"@type\":\"ListItem\",\"position\":2,\"name\":\"El viaje hacia la autonom\u00eda: El impacto emocional de las sillas salvaescaleras\"}]},{\"@type\":\"WebSite\",\"@id\":\"https:\\\/\\\/nexoted.com\\\/es\\\/#website\",\"url\":\"https:\\\/\\\/nexoted.com\\\/es\\\/\",\"name\":\"Salvaescaleras Nexoted\",\"description\":\"Accesibilidad\",\"potentialAction\":[{\"@type\":\"SearchAction\",\"target\":{\"@type\":\"EntryPoint\",\"urlTemplate\":\"https:\\\/\\\/nexoted.com\\\/es\\\/?s={search_term_string}\"},\"query-input\":{\"@type\":\"PropertyValueSpecification\",\"valueRequired\":true,\"valueName\":\"search_term_string\"}}],\"inLanguage\":\"es\"},{\"@type\":\"Person\",\"@id\":\"https:\\\/\\\/nexoted.com\\\/es\\\/#\\\/schema\\\/person\\\/825db9499322c601b66292edda129762\",\"name\":\"Ana\",\"image\":{\"@type\":\"ImageObject\",\"inLanguage\":\"es\",\"@id\":\"https:\\\/\\\/secure.gravatar.com\\\/avatar\\\/4fa95536b05667ba2481e19c032101560b77f3cbe6f405e0c788d0fcb4731143?s=96&d=mm&r=g\",\"url\":\"https:\\\/\\\/secure.gravatar.com\\\/avatar\\\/4fa95536b05667ba2481e19c032101560b77f3cbe6f405e0c788d0fcb4731143?s=96&d=mm&r=g\",\"contentUrl\":\"https:\\\/\\\/secure.gravatar.com\\\/avatar\\\/4fa95536b05667ba2481e19c032101560b77f3cbe6f405e0c788d0fcb4731143?s=96&d=mm&r=g\",\"caption\":\"Ana\"},\"url\":\"https:\\\/\\\/nexoted.com\\\/es\\\/author\\\/ana\\\/\"}]}<\/script>\n<!-- \/ Yoast SEO plugin. -->","yoast_head_json":{"title":"El Viaje hacia la Autonom\u00eda con una Silla Salvaescaleras","description":"Explora el impacto emocional y la transformaci\u00f3n que una silla salvaescaleras puede aportar a la vida de las personas con movilidad reducida.","robots":{"index":"noindex","follow":"follow"},"og_locale":"es_ES","og_type":"article","og_title":"El Viaje hacia la Autonom\u00eda con una Silla Salvaescaleras","og_description":"Explora el impacto emocional y la transformaci\u00f3n que una silla salvaescaleras puede aportar a la vida de las personas con movilidad reducida.","og_url":"https:\/\/nexoted.com\/es\/viaje-hacia-autonomia-impacto-emocional-silla-salvaescaleras\/","og_site_name":"Salvaescaleras Nexoted","article_published_time":"2024-07-17T11:12:31+00:00","og_image":[{"width":1000,"height":1158,"url":"https:\/\/nexoted.com\/wp-content\/uploads\/2023\/12\/Producto_SillaTramoCurvo_Imagen1.jpg","type":"image\/jpeg"}],"author":"Ana","twitter_card":"summary_large_image","twitter_misc":{"Escrito por":"Ana","Tiempo de lectura":"3 minutos"},"schema":{"@context":"https:\/\/schema.org","@graph":[{"@type":"Article","@id":"https:\/\/nexoted.com\/es\/viaje-hacia-autonomia-impacto-emocional-silla-salvaescaleras\/#article","isPartOf":{"@id":"https:\/\/nexoted.com\/es\/viaje-hacia-autonomia-impacto-emocional-silla-salvaescaleras\/"},"author":{"name":"Ana","@id":"https:\/\/nexoted.com\/es\/#\/schema\/person\/825db9499322c601b66292edda129762"},"headline":"El viaje hacia la autonom\u00eda: El impacto emocional de las sillas salvaescaleras","datePublished":"2024-07-17T11:12:31+00:00","mainEntityOfPage":{"@id":"https:\/\/nexoted.com\/es\/viaje-hacia-autonomia-impacto-emocional-silla-salvaescaleras\/"},"wordCount":507,"commentCount":0,"image":{"@id":"https:\/\/nexoted.com\/es\/viaje-hacia-autonomia-impacto-emocional-silla-salvaescaleras\/#primaryimage"},"thumbnailUrl":"https:\/\/nexoted.com\/wp-content\/uploads\/2023\/12\/Producto_SillaTramoCurvo_Imagen1.jpg","articleSection":["Sin categorizar"],"inLanguage":"es","potentialAction":[{"@type":"CommentAction","name":"Comment","target":["https:\/\/nexoted.com\/es\/viaje-hacia-autonomia-impacto-emocional-silla-salvaescaleras\/#respond"]}]},{"@type":"WebPage","@id":"https:\/\/nexoted.com\/es\/viaje-hacia-autonomia-impacto-emocional-silla-salvaescaleras\/","url":"https:\/\/nexoted.com\/es\/viaje-hacia-autonomia-impacto-emocional-silla-salvaescaleras\/","name":"El Viaje hacia la Autonom\u00eda con una Silla Salvaescaleras","isPartOf":{"@id":"https:\/\/nexoted.com\/es\/#website"},"primaryImageOfPage":{"@id":"https:\/\/nexoted.com\/es\/viaje-hacia-autonomia-impacto-emocional-silla-salvaescaleras\/#primaryimage"},"image":{"@id":"https:\/\/nexoted.com\/es\/viaje-hacia-autonomia-impacto-emocional-silla-salvaescaleras\/#primaryimage"},"thumbnailUrl":"https:\/\/nexoted.com\/wp-content\/uploads\/2023\/12\/Producto_SillaTramoCurvo_Imagen1.jpg","datePublished":"2024-07-17T11:12:31+00:00","author":{"@id":"https:\/\/nexoted.com\/es\/#\/schema\/person\/825db9499322c601b66292edda129762"},"description":"Explora el impacto emocional y la transformaci\u00f3n que una silla salvaescaleras puede aportar a la vida de las personas con movilidad reducida.","breadcrumb":{"@id":"https:\/\/nexoted.com\/es\/viaje-hacia-autonomia-impacto-emocional-silla-salvaescaleras\/#breadcrumb"},"inLanguage":"es","potentialAction":[{"@type":"ReadAction","target":["https:\/\/nexoted.com\/es\/viaje-hacia-autonomia-impacto-emocional-silla-salvaescaleras\/"]}]},{"@type":"ImageObject","inLanguage":"es","@id":"https:\/\/nexoted.com\/es\/viaje-hacia-autonomia-impacto-emocional-silla-salvaescaleras\/#primaryimage","url":"https:\/\/nexoted.com\/wp-content\/uploads\/2023\/12\/Producto_SillaTramoCurvo_Imagen1.jpg","contentUrl":"https:\/\/nexoted.com\/wp-content\/uploads\/2023\/12\/Producto_SillaTramoCurvo_Imagen1.jpg","width":1000,"height":1158,"caption":"Silla Salvaescaleras"},{"@type":"BreadcrumbList","@id":"https:\/\/nexoted.com\/es\/viaje-hacia-autonomia-impacto-emocional-silla-salvaescaleras\/#breadcrumb","itemListElement":[{"@type":"ListItem","position":1,"name":"Portada","item":"https:\/\/nexoted.com\/"},{"@type":"ListItem","position":2,"name":"El viaje hacia la autonom\u00eda: El impacto emocional de las sillas salvaescaleras"}]},{"@type":"WebSite","@id":"https:\/\/nexoted.com\/es\/#website","url":"https:\/\/nexoted.com\/es\/","name":"Salvaescaleras Nexoted","description":"Accesibilidad","potentialAction":[{"@type":"SearchAction","target":{"@type":"EntryPoint","urlTemplate":"https:\/\/nexoted.com\/es\/?s={search_term_string}"},"query-input":{"@type":"PropertyValueSpecification","valueRequired":true,"valueName":"search_term_string"}}],"inLanguage":"es"},{"@type":"Person","@id":"https:\/\/nexoted.com\/es\/#\/schema\/person\/825db9499322c601b66292edda129762","name":"Ana","image":{"@type":"ImageObject","inLanguage":"es","@id":"https:\/\/secure.gravatar.com\/avatar\/4fa95536b05667ba2481e19c032101560b77f3cbe6f405e0c788d0fcb4731143?s=96&d=mm&r=g","url":"https:\/\/secure.gravatar.com\/avatar\/4fa95536b05667ba2481e19c032101560b77f3cbe6f405e0c788d0fcb4731143?s=96&d=mm&r=g","contentUrl":"https:\/\/secure.gravatar.com\/avatar\/4fa95536b05667ba2481e19c032101560b77f3cbe6f405e0c788d0fcb4731143?s=96&d=mm&r=g","caption":"Ana"},"url":"https:\/\/nexoted.com\/es\/author\/ana\/"}]}},"_links":{"self":[{"href":"https:\/\/nexoted.com\/es\/wp-json\/wp\/v2\/posts\/4592","targetHints":{"allow":["GET"]}}],"collection":[{"href":"https:\/\/nexoted.com\/es\/wp-json\/wp\/v2\/posts"}],"about":[{"href":"https:\/\/nexoted.com\/es\/wp-json\/wp\/v2\/types\/post"}],"author":[{"embeddable":true,"href":"https:\/\/nexoted.com\/es\/wp-json\/wp\/v2\/users\/3"}],"replies":[{"embeddable":true,"href":"https:\/\/nexoted.com\/es\/wp-json\/wp\/v2\/comments?post=4592"}],"version-history":[{"count":1,"href":"https:\/\/nexoted.com\/es\/wp-json\/wp\/v2\/posts\/4592\/revisions"}],"predecessor-version":[{"id":4593,"href":"https:\/\/nexoted.com\/es\/wp-json\/wp\/v2\/posts\/4592\/revisions\/4593"}],"wp:featuredmedia":[{"embeddable":true,"href":"https:\/\/nexoted.com\/es\/wp-json\/wp\/v2\/media\/4265"}],"wp:attachment":[{"href":"https:\/\/nexoted.com\/es\/wp-json\/wp\/v2\/media?parent=4592"}],"wp:term":[{"taxonomy":"category","embeddable":true,"href":"https:\/\/nexoted.com\/es\/wp-json\/wp\/v2\/categories?post=4592"},{"taxonomy":"post_tag","embeddable":true,"href":"https:\/\/nexoted.com\/es\/wp-json\/wp\/v2\/tags?post=4592"}],"curies":[{"name":"wp","href":"https:\/\/api.w.org\/{rel}","templated":true}]}}