{"id":2897,"date":"2020-06-12T10:19:00","date_gmt":"2020-06-12T09:19:00","guid":{"rendered":"https:\/\/nexoted.com\/?p=2897"},"modified":"2021-12-27T10:34:39","modified_gmt":"2021-12-27T09:34:39","slug":"turismo-accesible-en-galicia-5-ideas-que-te-encantaran","status":"publish","type":"post","link":"https:\/\/nexoted.com\/es\/turismo-accesible-en-galicia-5-ideas-que-te-encantaran\/","title":{"rendered":"Turismo accesible en Galicia: 5 ideas que te encantar\u00e1n"},"content":{"rendered":"\n<p>El turismo accesible est\u00e1 creciendo, y Galicia tambi\u00e9n se incluye en esta<strong> nueva manera de disfrutar del turismo.<\/strong> <a href=\"https:\/\/nexoted.com\/es\/blog\/\">En otros art\u00edculos<\/a> ya os hemos hablado de lo que significa el turismo accesible y los pasos que se est\u00e1n dando por incluir a todos, sin excepci\u00f3n, en esta actividad. Pues bien, Galicia se ha puesto las pilas en los \u00faltimos a\u00f1os y varias iniciativas tur\u00edsticas est\u00e1n adaptadas para que <strong>las personas con movilidad reducida disfruten de ellas.<\/strong><\/p>\n\n\n\n<div style=\"height:10px\" aria-hidden=\"true\" class=\"wp-block-spacer\"><\/div>\n\n\n\n<h2 class=\"has-large-font-size wp-block-heading\"><strong>El turismo accesible en Galicia<\/strong><\/h2>\n\n\n\n<p>Como os cont\u00e1bamos, Galicia ya ofrece una peque\u00f1a lista de <strong>propuestas tur\u00edsticas que incluyen a todos los p\u00fablicos<\/strong>. Proyectos en los que tambi\u00e9n colaboran las instituciones p\u00fablicas gallegas y que ocupan distintos \u00e1mbitos, para elaborar una oferta completa que pod\u00e9is consultar en la <a href=\"https:\/\/www.turismo.gal\/planifica-a-tua-viaxe\/informacion-practica\/turismo-accesible?langId=es_ES\">web de Turismo de Galicia<\/a>.<\/p>\n\n\n\n<div style=\"height:10px\" aria-hidden=\"true\" class=\"wp-block-spacer\"><\/div>\n\n\n\n<h3 class=\"has-medium-font-size wp-block-heading\"><strong>Conoce Santiago de Compostela<\/strong><\/h3>\n\n\n\n<p>En la historia del Camino, miles de peregrinos han puesto el punto final a su andadura en Santiago de Compostela. Desde hace pocos a\u00f1os, entre ellos tambi\u00e9n se encuentran personas con movilidad reducida. <strong>La ciudad est\u00e1 inmersa en un profundo trabajo de eliminaci\u00f3n de barreras arquitect\u00f3nicas<\/strong> que la hagan a\u00fan m\u00e1s abierta al peregrino. Para ello, se han realizado mejoras como el acceso a la Catedral y otros puntos importantes de la capital de Galicia. Adem\u00e1s, se ha facilitado el recorrido por las estrechas calles de la zona vieja compostelana y sus preciosas plazas.<\/p>\n\n\n\n<h3 class=\"has-medium-font-size wp-block-heading\"><strong>Recorre la muralla romana de Lugo<\/strong><\/h3>\n\n\n\n<p>Una de las joyas de Galicia completamente accesibles es la muralla romana de Lugo. Est\u00e1 considerada el monumento fortificado romano mejor conservado y, gracias a una serie de actuaciones, todos nos podemos mover por su interior. Anexo a la muralla hay un <strong>ascensor con el que podemos elevarnos hasta lo alto<\/strong>, adem\u00e1s de rampas de acceso. Podemos recorrerla al completo, pero al tratarse de un monumento tan antiguo, hay irregularidades en el terreno. Por ello, si es posible, <strong>conviene contar con una peque\u00f1a ayuda<\/strong> en esos tramos.<\/p>\n\n\n\n<h3 class=\"has-medium-font-size wp-block-heading\"><strong>Turismo accesible por A Coru\u00f1a<\/strong><\/h3>\n\n\n\n<p>A Coru\u00f1a es una ciudad que vale la pena conocer en todos sus puntos. Nosotros sugerimos una ruta entre dos de los lugares m\u00e1s conocidos de la ciudad,<strong> la Torre de H\u00e9rcules y el Monte de San Pedro<\/strong>, atravesando el Paseo Mar\u00edtimo de la ciudad herculina. En este sendero te encontrar\u00e1s recintos totalmente accesibles como el Aquarium de la ciudad, el Museo Militar, el Planetario o la Casa del Hombre, m\u00e1s conocida como Domus. Un lujo de ruta que, gracias al <strong>gran trabajo en pos de la accesibilidad que est\u00e1 haciendo el Concello de A Coru\u00f1a<\/strong>, podemos disfrutar.<\/p>\n\n\n\n<h3 class=\"has-medium-font-size wp-block-heading\"><strong>Vendimia en las R\u00edas Baixas<\/strong><\/h3>\n\n\n\n<p>Uno de los objetivos que se han marcado las Rutas del Vino de Espa\u00f1a es el de <strong>abrirse a todas las personas<\/strong>. El enoturismo est\u00e1 en pleno crecimiento y las bodegas no quieren dejar a nadie fuera de su proyecto. Entre ellas, est\u00e1n las de la Denominaci\u00f3n de Origen R\u00edas Baixas, donde <strong>puedes conocer sus vi\u00f1edos, la importancia de la zona y su historia para finalizar con una cata<\/strong>. En este proyecto com\u00fan, las empresas vitivin\u00edcolas han puesto sus empe\u00f1os en que sus instalaciones sean de f\u00e1cil acceso y movilidad para las personas, haciendo m\u00e1s sencillo un recorrido que tiene mucho para ver.<\/p>\n\n\n\n<h3 class=\"has-medium-font-size wp-block-heading\"><strong>Playas accesibles<\/strong><\/h3>\n\n\n\n<p>No pod\u00edan faltar las grandes protagonistas del verano. Las playas de Galicia reciben multitud de visitantes y el turismo accesible a los arenales es una demanda hist\u00f3rica de las personas con problemas de movilidad reducida. Por suerte, el acceso ha mejorado en los \u00faltimos a\u00f1os y ya es larga la <a href=\"http:\/\/www.cogami.gal\/es_ES\/documentacion\/turismo-accesible\/guia-de-playas-accesibles-en-galicia\/\">lista de playas<\/a> con <strong>grandes pasarelas de acceso, sillas anfibias para hacer m\u00e1s f\u00e1cil la movilidad, ba\u00f1os y duchas adaptadas<\/strong>, entre otros elementos de ayuda.<\/p>\n\n\n\n<p>Esta es solo una peque\u00f1a muestra de lugares tur\u00edsticos accesibles para todas las personas, pero todav\u00eda hay mucho trabajo por delante. <strong>El turismo accesible en Galicia sigue teniendo margen de mejora,<\/strong> y esa responsabilidad es de todos. Si conoces establecimientos hoteleros, restaurantes, instalaciones tur\u00edsticas&#8230; que todav\u00eda no cuentan con un <a href=\"https:\/\/nexoted.com\/es\/\">servicio salvaescaleras<\/a>, inf\u00f3rmales de su importancia y de <strong>lo f\u00e1cil que pueden hacer la vida de muchas personas<\/strong>. Nuestro patrimonio debe ser de todos.<\/p>\n","protected":false},"excerpt":{"rendered":"<p>El turismo accesible est\u00e1 creciendo, y Galicia tambi\u00e9n se incluye en esta nueva manera de disfrutar del turismo. En otros art\u00edculos ya os hemos hablado de lo que significa el turismo accesible y los pasos que se est\u00e1n dando por incluir a todos, sin excepci\u00f3n, en esta actividad. Pues bien, Galicia se ha puesto las [&hellip;]<\/p>\n","protected":false},"author":2,"featured_media":0,"comment_status":"open","ping_status":"closed","sticky":false,"template":"","format":"standard","meta":{"_acf_changed":false,"footnotes":""},"categories":[14],"tags":[15,35,284,34],"class_list":["post-2897","post","type-post","status-publish","format-standard","hentry","category-accesibilidad","tag-accesibilidad","tag-accesibilidad-en-el-turismo","tag-turismo-accesible-es","tag-turismo-accesible-en-galicia"],"acf":[],"yoast_head":"<!-- This site is optimized with the Yoast SEO plugin v27.5 - https:\/\/yoast.com\/product\/yoast-seo-wordpress\/ -->\n<title>Turismo accesible en Galicia: 5 ideas que te encantar\u00e1n - Salvaescaleras Nexoted<\/title>\n<meta name=\"robots\" content=\"index, follow, max-snippet:-1, max-image-preview:large, max-video-preview:-1\" \/>\n<link rel=\"canonical\" href=\"https:\/\/nexoted.com\/es\/turismo-accesible-en-galicia-5-ideas-que-te-encantaran\/\" \/>\n<meta property=\"og:locale\" content=\"es_ES\" \/>\n<meta property=\"og:type\" content=\"article\" \/>\n<meta property=\"og:title\" content=\"Turismo accesible en Galicia: 5 ideas que te encantar\u00e1n - Salvaescaleras Nexoted\" \/>\n<meta property=\"og:description\" content=\"El turismo accesible est\u00e1 creciendo, y Galicia tambi\u00e9n se incluye en esta nueva manera de disfrutar del turismo. En otros art\u00edculos ya os hemos hablado de lo que significa el turismo accesible y los pasos que se est\u00e1n dando por incluir a todos, sin excepci\u00f3n, en esta actividad. Pues bien, Galicia se ha puesto las [&hellip;]\" \/>\n<meta property=\"og:url\" content=\"https:\/\/nexoted.com\/es\/turismo-accesible-en-galicia-5-ideas-que-te-encantaran\/\" \/>\n<meta property=\"og:site_name\" content=\"Salvaescaleras Nexoted\" \/>\n<meta property=\"article:published_time\" content=\"2020-06-12T09:19:00+00:00\" \/>\n<meta property=\"article:modified_time\" content=\"2021-12-27T09:34:39+00:00\" \/>\n<meta name=\"author\" content=\"Abel\" \/>\n<meta name=\"twitter:card\" content=\"summary_large_image\" \/>\n<meta name=\"twitter:label1\" content=\"Escrito por\" \/>\n\t<meta name=\"twitter:data1\" content=\"Abel\" \/>\n\t<meta name=\"twitter:label2\" content=\"Tiempo de lectura\" \/>\n\t<meta name=\"twitter:data2\" content=\"3 minutos\" \/>\n<script type=\"application\/ld+json\" class=\"yoast-schema-graph\">{\"@context\":\"https:\\\/\\\/schema.org\",\"@graph\":[{\"@type\":\"Article\",\"@id\":\"https:\\\/\\\/nexoted.com\\\/es\\\/turismo-accesible-en-galicia-5-ideas-que-te-encantaran\\\/#article\",\"isPartOf\":{\"@id\":\"https:\\\/\\\/nexoted.com\\\/es\\\/turismo-accesible-en-galicia-5-ideas-que-te-encantaran\\\/\"},\"author\":{\"name\":\"Abel\",\"@id\":\"https:\\\/\\\/nexoted.com\\\/es\\\/#\\\/schema\\\/person\\\/4c52918dc42ce6a9c508ab30e21e2c20\"},\"headline\":\"Turismo accesible en Galicia: 5 ideas que te encantar\u00e1n\",\"datePublished\":\"2020-06-12T09:19:00+00:00\",\"dateModified\":\"2021-12-27T09:34:39+00:00\",\"mainEntityOfPage\":{\"@id\":\"https:\\\/\\\/nexoted.com\\\/es\\\/turismo-accesible-en-galicia-5-ideas-que-te-encantaran\\\/\"},\"wordCount\":746,\"commentCount\":0,\"keywords\":[\"accesibilidad\",\"accesibilidad en el turismo\",\"turismo accesible\",\"turismo accesible en galicia\"],\"articleSection\":[\"accesibilidad\"],\"inLanguage\":\"es\",\"potentialAction\":[{\"@type\":\"CommentAction\",\"name\":\"Comment\",\"target\":[\"https:\\\/\\\/nexoted.com\\\/es\\\/turismo-accesible-en-galicia-5-ideas-que-te-encantaran\\\/#respond\"]}]},{\"@type\":\"WebPage\",\"@id\":\"https:\\\/\\\/nexoted.com\\\/es\\\/turismo-accesible-en-galicia-5-ideas-que-te-encantaran\\\/\",\"url\":\"https:\\\/\\\/nexoted.com\\\/es\\\/turismo-accesible-en-galicia-5-ideas-que-te-encantaran\\\/\",\"name\":\"Turismo accesible en Galicia: 5 ideas que te encantar\u00e1n - Salvaescaleras Nexoted\",\"isPartOf\":{\"@id\":\"https:\\\/\\\/nexoted.com\\\/es\\\/#website\"},\"datePublished\":\"2020-06-12T09:19:00+00:00\",\"dateModified\":\"2021-12-27T09:34:39+00:00\",\"author\":{\"@id\":\"https:\\\/\\\/nexoted.com\\\/es\\\/#\\\/schema\\\/person\\\/4c52918dc42ce6a9c508ab30e21e2c20\"},\"breadcrumb\":{\"@id\":\"https:\\\/\\\/nexoted.com\\\/es\\\/turismo-accesible-en-galicia-5-ideas-que-te-encantaran\\\/#breadcrumb\"},\"inLanguage\":\"es\",\"potentialAction\":[{\"@type\":\"ReadAction\",\"target\":[\"https:\\\/\\\/nexoted.com\\\/es\\\/turismo-accesible-en-galicia-5-ideas-que-te-encantaran\\\/\"]}]},{\"@type\":\"BreadcrumbList\",\"@id\":\"https:\\\/\\\/nexoted.com\\\/es\\\/turismo-accesible-en-galicia-5-ideas-que-te-encantaran\\\/#breadcrumb\",\"itemListElement\":[{\"@type\":\"ListItem\",\"position\":1,\"name\":\"Portada\",\"item\":\"https:\\\/\\\/nexoted.com\\\/\"},{\"@type\":\"ListItem\",\"position\":2,\"name\":\"Turismo accesible en Galicia: 5 ideas que te encantar\u00e1n\"}]},{\"@type\":\"WebSite\",\"@id\":\"https:\\\/\\\/nexoted.com\\\/es\\\/#website\",\"url\":\"https:\\\/\\\/nexoted.com\\\/es\\\/\",\"name\":\"Salvaescaleras Nexoted\",\"description\":\"Accesibilidad\",\"potentialAction\":[{\"@type\":\"SearchAction\",\"target\":{\"@type\":\"EntryPoint\",\"urlTemplate\":\"https:\\\/\\\/nexoted.com\\\/es\\\/?s={search_term_string}\"},\"query-input\":{\"@type\":\"PropertyValueSpecification\",\"valueRequired\":true,\"valueName\":\"search_term_string\"}}],\"inLanguage\":\"es\"},{\"@type\":\"Person\",\"@id\":\"https:\\\/\\\/nexoted.com\\\/es\\\/#\\\/schema\\\/person\\\/4c52918dc42ce6a9c508ab30e21e2c20\",\"name\":\"Abel\",\"image\":{\"@type\":\"ImageObject\",\"inLanguage\":\"es\",\"@id\":\"https:\\\/\\\/secure.gravatar.com\\\/avatar\\\/e3577cf43662ccfca2a80fa9248460a85036568cc3cc4e892d0a81f40cf1efc9?s=96&d=mm&r=g\",\"url\":\"https:\\\/\\\/secure.gravatar.com\\\/avatar\\\/e3577cf43662ccfca2a80fa9248460a85036568cc3cc4e892d0a81f40cf1efc9?s=96&d=mm&r=g\",\"contentUrl\":\"https:\\\/\\\/secure.gravatar.com\\\/avatar\\\/e3577cf43662ccfca2a80fa9248460a85036568cc3cc4e892d0a81f40cf1efc9?s=96&d=mm&r=g\",\"caption\":\"Abel\"},\"url\":\"https:\\\/\\\/nexoted.com\\\/es\\\/author\\\/abel\\\/\"}]}<\/script>\n<!-- \/ Yoast SEO plugin. -->","yoast_head_json":{"title":"Turismo accesible en Galicia: 5 ideas que te encantar\u00e1n - Salvaescaleras Nexoted","robots":{"index":"index","follow":"follow","max-snippet":"max-snippet:-1","max-image-preview":"max-image-preview:large","max-video-preview":"max-video-preview:-1"},"canonical":"https:\/\/nexoted.com\/es\/turismo-accesible-en-galicia-5-ideas-que-te-encantaran\/","og_locale":"es_ES","og_type":"article","og_title":"Turismo accesible en Galicia: 5 ideas que te encantar\u00e1n - Salvaescaleras Nexoted","og_description":"El turismo accesible est\u00e1 creciendo, y Galicia tambi\u00e9n se incluye en esta nueva manera de disfrutar del turismo. En otros art\u00edculos ya os hemos hablado de lo que significa el turismo accesible y los pasos que se est\u00e1n dando por incluir a todos, sin excepci\u00f3n, en esta actividad. Pues bien, Galicia se ha puesto las [&hellip;]","og_url":"https:\/\/nexoted.com\/es\/turismo-accesible-en-galicia-5-ideas-que-te-encantaran\/","og_site_name":"Salvaescaleras Nexoted","article_published_time":"2020-06-12T09:19:00+00:00","article_modified_time":"2021-12-27T09:34:39+00:00","author":"Abel","twitter_card":"summary_large_image","twitter_misc":{"Escrito por":"Abel","Tiempo de lectura":"3 minutos"},"schema":{"@context":"https:\/\/schema.org","@graph":[{"@type":"Article","@id":"https:\/\/nexoted.com\/es\/turismo-accesible-en-galicia-5-ideas-que-te-encantaran\/#article","isPartOf":{"@id":"https:\/\/nexoted.com\/es\/turismo-accesible-en-galicia-5-ideas-que-te-encantaran\/"},"author":{"name":"Abel","@id":"https:\/\/nexoted.com\/es\/#\/schema\/person\/4c52918dc42ce6a9c508ab30e21e2c20"},"headline":"Turismo accesible en Galicia: 5 ideas que te encantar\u00e1n","datePublished":"2020-06-12T09:19:00+00:00","dateModified":"2021-12-27T09:34:39+00:00","mainEntityOfPage":{"@id":"https:\/\/nexoted.com\/es\/turismo-accesible-en-galicia-5-ideas-que-te-encantaran\/"},"wordCount":746,"commentCount":0,"keywords":["accesibilidad","accesibilidad en el turismo","turismo accesible","turismo accesible en galicia"],"articleSection":["accesibilidad"],"inLanguage":"es","potentialAction":[{"@type":"CommentAction","name":"Comment","target":["https:\/\/nexoted.com\/es\/turismo-accesible-en-galicia-5-ideas-que-te-encantaran\/#respond"]}]},{"@type":"WebPage","@id":"https:\/\/nexoted.com\/es\/turismo-accesible-en-galicia-5-ideas-que-te-encantaran\/","url":"https:\/\/nexoted.com\/es\/turismo-accesible-en-galicia-5-ideas-que-te-encantaran\/","name":"Turismo accesible en Galicia: 5 ideas que te encantar\u00e1n - Salvaescaleras Nexoted","isPartOf":{"@id":"https:\/\/nexoted.com\/es\/#website"},"datePublished":"2020-06-12T09:19:00+00:00","dateModified":"2021-12-27T09:34:39+00:00","author":{"@id":"https:\/\/nexoted.com\/es\/#\/schema\/person\/4c52918dc42ce6a9c508ab30e21e2c20"},"breadcrumb":{"@id":"https:\/\/nexoted.com\/es\/turismo-accesible-en-galicia-5-ideas-que-te-encantaran\/#breadcrumb"},"inLanguage":"es","potentialAction":[{"@type":"ReadAction","target":["https:\/\/nexoted.com\/es\/turismo-accesible-en-galicia-5-ideas-que-te-encantaran\/"]}]},{"@type":"BreadcrumbList","@id":"https:\/\/nexoted.com\/es\/turismo-accesible-en-galicia-5-ideas-que-te-encantaran\/#breadcrumb","itemListElement":[{"@type":"ListItem","position":1,"name":"Portada","item":"https:\/\/nexoted.com\/"},{"@type":"ListItem","position":2,"name":"Turismo accesible en Galicia: 5 ideas que te encantar\u00e1n"}]},{"@type":"WebSite","@id":"https:\/\/nexoted.com\/es\/#website","url":"https:\/\/nexoted.com\/es\/","name":"Salvaescaleras Nexoted","description":"Accesibilidad","potentialAction":[{"@type":"SearchAction","target":{"@type":"EntryPoint","urlTemplate":"https:\/\/nexoted.com\/es\/?s={search_term_string}"},"query-input":{"@type":"PropertyValueSpecification","valueRequired":true,"valueName":"search_term_string"}}],"inLanguage":"es"},{"@type":"Person","@id":"https:\/\/nexoted.com\/es\/#\/schema\/person\/4c52918dc42ce6a9c508ab30e21e2c20","name":"Abel","image":{"@type":"ImageObject","inLanguage":"es","@id":"https:\/\/secure.gravatar.com\/avatar\/e3577cf43662ccfca2a80fa9248460a85036568cc3cc4e892d0a81f40cf1efc9?s=96&d=mm&r=g","url":"https:\/\/secure.gravatar.com\/avatar\/e3577cf43662ccfca2a80fa9248460a85036568cc3cc4e892d0a81f40cf1efc9?s=96&d=mm&r=g","contentUrl":"https:\/\/secure.gravatar.com\/avatar\/e3577cf43662ccfca2a80fa9248460a85036568cc3cc4e892d0a81f40cf1efc9?s=96&d=mm&r=g","caption":"Abel"},"url":"https:\/\/nexoted.com\/es\/author\/abel\/"}]}},"_links":{"self":[{"href":"https:\/\/nexoted.com\/es\/wp-json\/wp\/v2\/posts\/2897","targetHints":{"allow":["GET"]}}],"collection":[{"href":"https:\/\/nexoted.com\/es\/wp-json\/wp\/v2\/posts"}],"about":[{"href":"https:\/\/nexoted.com\/es\/wp-json\/wp\/v2\/types\/post"}],"author":[{"embeddable":true,"href":"https:\/\/nexoted.com\/es\/wp-json\/wp\/v2\/users\/2"}],"replies":[{"embeddable":true,"href":"https:\/\/nexoted.com\/es\/wp-json\/wp\/v2\/comments?post=2897"}],"version-history":[{"count":4,"href":"https:\/\/nexoted.com\/es\/wp-json\/wp\/v2\/posts\/2897\/revisions"}],"predecessor-version":[{"id":2906,"href":"https:\/\/nexoted.com\/es\/wp-json\/wp\/v2\/posts\/2897\/revisions\/2906"}],"wp:attachment":[{"href":"https:\/\/nexoted.com\/es\/wp-json\/wp\/v2\/media?parent=2897"}],"wp:term":[{"taxonomy":"category","embeddable":true,"href":"https:\/\/nexoted.com\/es\/wp-json\/wp\/v2\/categories?post=2897"},{"taxonomy":"post_tag","embeddable":true,"href":"https:\/\/nexoted.com\/es\/wp-json\/wp\/v2\/tags?post=2897"}],"curies":[{"name":"wp","href":"https:\/\/api.w.org\/{rel}","templated":true}]}}